{"id":13442,"date":"2021-09-08T11:26:58","date_gmt":"2021-09-08T11:26:58","guid":{"rendered":"https:\/\/www.lebenshilfe-kv-gg.de\/?p=13442"},"modified":"2021-09-08T11:27:36","modified_gmt":"2021-09-08T11:27:36","slug":"sommerferien-2021","status":"publish","type":"post","link":"https:\/\/www.lebenshilfe-kv-gg.de\/?p=13442","title":{"rendered":"Sommerferien 2021"},"content":{"rendered":"<p>Endlich konnten wir euch in den Sommerferien wiedersehen! Wir hatten eine tolle Zeit!<\/p>\n<p>In den ersten beiden Wochen der Sommerferien haben wir eine Blockeinzelbetreuung als Ersatz f\u00fcr unsere regul\u00e4re Ferienbetreuung angeboten. Diese neue Form, welche auf Grund der aktuellen Hygieneregeln zustande kam, wurde sehr gut angenommen!<\/p>\n<div class=\"wp-block-media-text alignwide is-stacked-on-mobile\" style=\"grid-template-columns:37% auto\">\n<figure class=\"wp-block-media-text__media\"><img loading=\"lazy\" decoding=\"async\" width=\"768\" height=\"1024\" src=\"https:\/\/www.lebenshilfe-kv-gg.de\/wp-content\/uploads\/2021\/09\/IMG_3505-2-768x1024.jpeg\" alt=\"\" class=\"wp-image-13459 size-full\" srcset=\"https:\/\/www.lebenshilfe-kv-gg.de\/wp-content\/uploads\/2021\/09\/IMG_3505-2-768x1024.jpeg 768w, https:\/\/www.lebenshilfe-kv-gg.de\/wp-content\/uploads\/2021\/09\/IMG_3505-2-225x300.jpeg 225w, https:\/\/www.lebenshilfe-kv-gg.de\/wp-content\/uploads\/2021\/09\/IMG_3505-2-600x800.jpeg 600w, https:\/\/www.lebenshilfe-kv-gg.de\/wp-content\/uploads\/2021\/09\/IMG_3505-2-1152x1536.jpeg 1152w, https:\/\/www.lebenshilfe-kv-gg.de\/wp-content\/uploads\/2021\/09\/IMG_3505-2.jpeg 1536w\" sizes=\"auto, (max-width: 768px) 100vw, 768px\" \/><\/figure>\n<div class=\"wp-block-media-text__content\">\n<p>Die Eltern konnten eine Zeit festlegen, in der ein Einzelbetreuer mit den Kindern und Jugendlichen zu Hause spielte oder Ausfl\u00fcge unternahm.  <\/p>\n<div class=\"wp-block-image\">\n<figure class=\"alignright size-full is-resized\"><a href=\"https:\/\/www.lebenshilfe-kv-gg.de\/wp-content\/uploads\/2021\/09\/image.png\"><img loading=\"lazy\" decoding=\"async\" src=\"https:\/\/www.lebenshilfe-kv-gg.de\/wp-content\/uploads\/2021\/09\/image.png\" alt=\"\" class=\"wp-image-13461\" width=\"301\" height=\"309\"\/><\/a><\/figure>\n<\/div>\n<\/div>\n<\/div>\n<p>In der dritten Woche fand unser allj\u00e4hrlicher Sommerspa\u00df statt. Auch dieser konnte letztes Jahr, wie so vieles andere, nicht stattfinden. Umso mehr haben wir uns gefreut viele von euch wiedersehen zu k\u00f6nnen. Deutlich reduziert, mit nur 12 statt der \u00fcblichen 20 Teilnehmern und ohne das \u00dcbernachtungswochenende konnten wir alle Hygienevorschriften gut einhalten.<\/p>\n<div class=\"wp-block-media-text alignwide is-stacked-on-mobile\" style=\"grid-template-columns:32% auto\">\n<figure class=\"wp-block-media-text__media\"><img loading=\"lazy\" decoding=\"async\" width=\"768\" height=\"1024\" src=\"https:\/\/www.lebenshilfe-kv-gg.de\/wp-content\/uploads\/2021\/09\/bb6f38ef-f13d-4c8c-97b8-4662a657a429-768x1024.jpg\" alt=\"\" class=\"wp-image-13444 size-full\" srcset=\"https:\/\/www.lebenshilfe-kv-gg.de\/wp-content\/uploads\/2021\/09\/bb6f38ef-f13d-4c8c-97b8-4662a657a429-768x1024.jpg 768w, https:\/\/www.lebenshilfe-kv-gg.de\/wp-content\/uploads\/2021\/09\/bb6f38ef-f13d-4c8c-97b8-4662a657a429-225x300.jpg 225w, https:\/\/www.lebenshilfe-kv-gg.de\/wp-content\/uploads\/2021\/09\/bb6f38ef-f13d-4c8c-97b8-4662a657a429-600x800.jpg 600w, https:\/\/www.lebenshilfe-kv-gg.de\/wp-content\/uploads\/2021\/09\/bb6f38ef-f13d-4c8c-97b8-4662a657a429-1152x1536.jpg 1152w, https:\/\/www.lebenshilfe-kv-gg.de\/wp-content\/uploads\/2021\/09\/bb6f38ef-f13d-4c8c-97b8-4662a657a429.jpg 1200w\" sizes=\"auto, (max-width: 768px) 100vw, 768px\" \/><\/figure>\n<div class=\"wp-block-media-text__content\">\n<p>Trotzdem konnten wir viele tolle Sachen mit den Kindern, Jugendlichen und Erwachsenen unternehmen. Zum Beispiel waren wir montags im Luisenpark in Mannheim und dienstags im Heidelberger Zoo.<\/p>\n<\/div>\n<\/div>\n<div class=\"wp-block-media-text alignwide is-stacked-on-mobile\" style=\"grid-template-columns:32% auto\">\n<figure class=\"wp-block-media-text__media\"><img loading=\"lazy\" decoding=\"async\" width=\"768\" height=\"1024\" src=\"https:\/\/www.lebenshilfe-kv-gg.de\/wp-content\/uploads\/2021\/09\/57a140d3-cecb-4304-b63e-dcb0cc45bdc6.jpg\" alt=\"\" class=\"wp-image-13445 size-full\" srcset=\"https:\/\/www.lebenshilfe-kv-gg.de\/wp-content\/uploads\/2021\/09\/57a140d3-cecb-4304-b63e-dcb0cc45bdc6.jpg 768w, https:\/\/www.lebenshilfe-kv-gg.de\/wp-content\/uploads\/2021\/09\/57a140d3-cecb-4304-b63e-dcb0cc45bdc6-225x300.jpg 225w, https:\/\/www.lebenshilfe-kv-gg.de\/wp-content\/uploads\/2021\/09\/57a140d3-cecb-4304-b63e-dcb0cc45bdc6-600x800.jpg 600w\" sizes=\"auto, (max-width: 768px) 100vw, 768px\" \/><\/figure>\n<div class=\"wp-block-media-text__content\">\n<p>Mittwochs ging es dann in den Kurpfalzpark in Wachenheim.<\/p>\n<p>Eine besondere Attraktion stellte dort nat\u00fcrlich das Rutschen-Paradies und die zahlreichen Spielpl\u00e4tze dar.<\/p>\n<div class=\"wp-block-image\">\n<figure class=\"alignright size-large is-resized\"><a href=\"https:\/\/www.lebenshilfe-kv-gg.de\/wp-content\/uploads\/2021\/09\/cb3026fc-c11f-4345-8ea3-4d7e4ca8df00.jpg\"><img loading=\"lazy\" decoding=\"async\" src=\"https:\/\/www.lebenshilfe-kv-gg.de\/wp-content\/uploads\/2021\/09\/cb3026fc-c11f-4345-8ea3-4d7e4ca8df00-1024x769.jpg\" alt=\"\" class=\"wp-image-13446\" width=\"258\" height=\"194\" srcset=\"https:\/\/www.lebenshilfe-kv-gg.de\/wp-content\/uploads\/2021\/09\/cb3026fc-c11f-4345-8ea3-4d7e4ca8df00-1024x769.jpg 1024w, https:\/\/www.lebenshilfe-kv-gg.de\/wp-content\/uploads\/2021\/09\/cb3026fc-c11f-4345-8ea3-4d7e4ca8df00-300x225.jpg 300w, https:\/\/www.lebenshilfe-kv-gg.de\/wp-content\/uploads\/2021\/09\/cb3026fc-c11f-4345-8ea3-4d7e4ca8df00-768x577.jpg 768w, https:\/\/www.lebenshilfe-kv-gg.de\/wp-content\/uploads\/2021\/09\/cb3026fc-c11f-4345-8ea3-4d7e4ca8df00-600x451.jpg 600w, https:\/\/www.lebenshilfe-kv-gg.de\/wp-content\/uploads\/2021\/09\/cb3026fc-c11f-4345-8ea3-4d7e4ca8df00-1536x1154.jpg 1536w, https:\/\/www.lebenshilfe-kv-gg.de\/wp-content\/uploads\/2021\/09\/cb3026fc-c11f-4345-8ea3-4d7e4ca8df00.jpg 1600w\" sizes=\"auto, (max-width: 258px) 100vw, 258px\" \/><\/a><\/figure>\n<\/div>\n<\/div>\n<\/div>\n<p>Donnerstags waren wir im Basinusbad in Bensheim, freitags am Felsenmeer im Odenwald und abends hatten wir ein gro\u00dfes Abschlussgrillen im Hof der Lebenshilfe. Leider mussten wir einige der geplanten Aktivit\u00e4ten kurzfristig um\u00e4ndern, weil das Wetter einfach nicht mitspielen wollte.<\/p>\n<p>Trotzdem hoffen wir nat\u00fcrlich, dass alle Teilnehmer und Teilnehmerinnen genauso viel Spa\u00df und Freude hatten wie wir. Wir freuen uns schon euch bald wieder zu sehen!<\/p>\n<p>Auch m\u00f6chten wir uns noch einmal bei allen Helfer*innen und Betreuer*innen bedanken, ohne deren tatkr\u00e4ftige Unterst\u00fctzung das alles nicht m\u00f6glich gewesen w\u00e4re. Danke!<\/p>\n","protected":false},"excerpt":{"rendered":"<p>Endlich konnten wir euch in den Sommerferien wiedersehen! Wir hatten eine tolle Zeit! In den ersten beiden Wochen der Sommerferien haben wir eine Blockeinzelbetreuung als Ersatz f\u00fcr unsere regul\u00e4re Ferienbetreuung <a class=\"more-link\" href=\"https:\/\/www.lebenshilfe-kv-gg.de\/?p=13442\">Weiterlesen &#8230; \u2192<\/a><\/p>\n","protected":false},"author":1,"featured_media":0,"comment_status":"closed","ping_status":"closed","sticky":true,"template":"","format":"image","meta":{"footnotes":""},"categories":[4,9],"tags":[18,17,19],"class_list":["post-13442","post","type-post","status-publish","format-image","hentry","category-allgemeines","category-bilder","tag-betreuung","tag-sommerferien","tag-sommerspass","post_format-post-format-image"],"_links":{"self":[{"href":"https:\/\/www.lebenshilfe-kv-gg.de\/index.php?rest_route=\/wp\/v2\/posts\/13442","targetHints":{"allow":["GET"]}}],"collection":[{"href":"https:\/\/www.lebenshilfe-kv-gg.de\/index.php?rest_route=\/wp\/v2\/posts"}],"about":[{"href":"https:\/\/www.lebenshilfe-kv-gg.de\/index.php?rest_route=\/wp\/v2\/types\/post"}],"author":[{"embeddable":true,"href":"https:\/\/www.lebenshilfe-kv-gg.de\/index.php?rest_route=\/wp\/v2\/users\/1"}],"replies":[{"embeddable":true,"href":"https:\/\/www.lebenshilfe-kv-gg.de\/index.php?rest_route=%2Fwp%2Fv2%2Fcomments&post=13442"}],"version-history":[{"count":12,"href":"https:\/\/www.lebenshilfe-kv-gg.de\/index.php?rest_route=\/wp\/v2\/posts\/13442\/revisions"}],"predecessor-version":[{"id":13464,"href":"https:\/\/www.lebenshilfe-kv-gg.de\/index.php?rest_route=\/wp\/v2\/posts\/13442\/revisions\/13464"}],"wp:attachment":[{"href":"https:\/\/www.lebenshilfe-kv-gg.de\/index.php?rest_route=%2Fwp%2Fv2%2Fmedia&parent=13442"}],"wp:term":[{"taxonomy":"category","embeddable":true,"href":"https:\/\/www.lebenshilfe-kv-gg.de\/index.php?rest_route=%2Fwp%2Fv2%2Fcategories&post=13442"},{"taxonomy":"post_tag","embeddable":true,"href":"https:\/\/www.lebenshilfe-kv-gg.de\/index.php?rest_route=%2Fwp%2Fv2%2Ftags&post=13442"}],"curies":[{"name":"wp","href":"https:\/\/api.w.org\/{rel}","templated":true}]}}