{"id":13630,"date":"2021-11-25T09:26:24","date_gmt":"2021-11-25T09:26:24","guid":{"rendered":"https:\/\/www.lebenshilfe-kv-gg.de\/?p=13630"},"modified":"2021-11-25T09:28:36","modified_gmt":"2021-11-25T09:28:36","slug":"aktuelle-regelungen-zum-betreten-der-vereinsgebaeude-nach-%c2%a7-28b-abs-2-ifsg","status":"publish","type":"post","link":"https:\/\/www.lebenshilfe-kv-gg.de\/?p=13630","title":{"rendered":"Aktuelle Regelungen zum Betreten der Vereinsgeb\u00e4ude nach \u00a7 28b Abs. 2 IfSG"},"content":{"rendered":"<p>Mit der Neuregelung des Infektionsschutzgesetzes vom 24.11. gelten f\u00fcr uns als ambulanten Pflegedienst ab sofort besondere Regelungen beim Zutritt zu den R\u00e4umen des Vereins.<\/p>\n<p><strong>Daher gilt ab sofort 2G plus in den R\u00e4umen des Vereins. Nur Genesene und Geimpfte mit aktuellem Testnachweis d\u00fcrfen die R\u00e4umlichkeiten betreten.<\/strong><\/p>\n<p><a href=\"https:\/\/www.lebenshilfe-kv-gg.de\/wp-content\/uploads\/2021\/11\/informationen_zur_neuregelung_des____28b_abs__2_ifsg_2021-11-23.pdf\" target=\"_blank\" rel=\"noopener\">Diese Regelungen sind auch in der Ver\u00f6ffentlichung des hessischen Ministeriums f\u00fcr Soziales und Integration hinterlegt.<\/a><\/p>\n","protected":false},"excerpt":{"rendered":"<p>Mit der Neuregelung des Infektionsschutzgesetzes vom 24.11. gelten f\u00fcr uns als ambulanten Pflegedienst ab sofort besondere Regelungen beim Zutritt zu den R\u00e4umen des Vereins. Daher gilt ab sofort 2G plus <a class=\"more-link\" href=\"https:\/\/www.lebenshilfe-kv-gg.de\/?p=13630\">Weiterlesen &#8230; \u2192<\/a><\/p>\n","protected":false},"author":1,"featured_media":0,"comment_status":"closed","ping_status":"closed","sticky":true,"template":"","format":"aside","meta":{"footnotes":""},"categories":[3],"tags":[],"class_list":["post-13630","post","type-post","status-publish","format-aside","hentry","category-informationen","post_format-post-format-aside"],"_links":{"self":[{"href":"https:\/\/www.lebenshilfe-kv-gg.de\/index.php?rest_route=\/wp\/v2\/posts\/13630","targetHints":{"allow":["GET"]}}],"collection":[{"href":"https:\/\/www.lebenshilfe-kv-gg.de\/index.php?rest_route=\/wp\/v2\/posts"}],"about":[{"href":"https:\/\/www.lebenshilfe-kv-gg.de\/index.php?rest_route=\/wp\/v2\/types\/post"}],"author":[{"embeddable":true,"href":"https:\/\/www.lebenshilfe-kv-gg.de\/index.php?rest_route=\/wp\/v2\/users\/1"}],"replies":[{"embeddable":true,"href":"https:\/\/www.lebenshilfe-kv-gg.de\/index.php?rest_route=%2Fwp%2Fv2%2Fcomments&post=13630"}],"version-history":[{"count":2,"href":"https:\/\/www.lebenshilfe-kv-gg.de\/index.php?rest_route=\/wp\/v2\/posts\/13630\/revisions"}],"predecessor-version":[{"id":13634,"href":"https:\/\/www.lebenshilfe-kv-gg.de\/index.php?rest_route=\/wp\/v2\/posts\/13630\/revisions\/13634"}],"wp:attachment":[{"href":"https:\/\/www.lebenshilfe-kv-gg.de\/index.php?rest_route=%2Fwp%2Fv2%2Fmedia&parent=13630"}],"wp:term":[{"taxonomy":"category","embeddable":true,"href":"https:\/\/www.lebenshilfe-kv-gg.de\/index.php?rest_route=%2Fwp%2Fv2%2Fcategories&post=13630"},{"taxonomy":"post_tag","embeddable":true,"href":"https:\/\/www.lebenshilfe-kv-gg.de\/index.php?rest_route=%2Fwp%2Fv2%2Ftags&post=13630"}],"curies":[{"name":"wp","href":"https:\/\/api.w.org\/{rel}","templated":true}]}}