{"id":13748,"date":"2022-05-11T09:59:15","date_gmt":"2022-05-11T09:59:15","guid":{"rendered":"https:\/\/www.lebenshilfe-kv-gg.de\/?p=13748"},"modified":"2022-05-11T10:06:01","modified_gmt":"2022-05-11T10:06:01","slug":"unsere-inklusive-wg-war-unterwegs-am-europaeischen-protesttag-zur-gleichstellung-von-menschen-mit-behinderungen","status":"publish","type":"post","link":"https:\/\/www.lebenshilfe-kv-gg.de\/?p=13748","title":{"rendered":"Unsere inklusive WG war unterwegs am Europ\u00e4ischen Protesttag zur Gleichstellung von Menschen mit Behinderungen"},"content":{"rendered":"<p>Unsere inklusive WG war zum von der Aktion Mensch unterst\u00fctzten Protesttag zur Gleichstellung von Menschen mit Behinderungen am 5. Mai in B\u00fcttelborn unterwegs, um auf Barrieren im \u00f6ffentlichen Raum hinzuweisen. Trotz des ernsten Hintergrundes hatten alle Teilnehmer an diesem Tag viel Spa\u00df und konnten einige doch sehr deutlichen Barrieren aufzeigen.<\/p>\n<p><a href=\"https:\/\/www.youtube.com\/watch?v=9C2edkOQmhM\" target=\"_blank\" rel=\"noopener\"><img loading=\"lazy\" decoding=\"async\" class=\"aligncenter wp-image-13751 \" src=\"https:\/\/www.lebenshilfe-kv-gg.de\/wp-content\/uploads\/2022\/05\/lingland-1024x588.png\" alt=\"\" width=\"618\" height=\"355\" srcset=\"https:\/\/www.lebenshilfe-kv-gg.de\/wp-content\/uploads\/2022\/05\/lingland-1024x588.png 1024w, https:\/\/www.lebenshilfe-kv-gg.de\/wp-content\/uploads\/2022\/05\/lingland-300x172.png 300w, https:\/\/www.lebenshilfe-kv-gg.de\/wp-content\/uploads\/2022\/05\/lingland-768x441.png 768w, https:\/\/www.lebenshilfe-kv-gg.de\/wp-content\/uploads\/2022\/05\/lingland-600x345.png 600w, https:\/\/www.lebenshilfe-kv-gg.de\/wp-content\/uploads\/2022\/05\/lingland.png 1140w\" sizes=\"auto, (max-width: 618px) 100vw, 618px\" \/><\/a><\/p>\n<p>Ihr findet das Video im offiziellen Lingland-Youtube-Kanal unserer WG <strong><a href=\"https:\/\/www.youtube.com\/watch?v=9C2edkOQmhM\" target=\"_blank\" rel=\"noopener\">-HIER-<\/a><\/strong>. Wenn Euch das Video gef\u00e4llt, w\u00fcrden wir uns \u00fcber einen Like oder ein Abo unseres Kanals sehr freuen.<\/p>\n","protected":false},"excerpt":{"rendered":"<p>Unsere inklusive WG war zum von der Aktion Mensch unterst\u00fctzten Protesttag zur Gleichstellung von Menschen mit Behinderungen am 5. Mai in B\u00fcttelborn unterwegs, um auf Barrieren im \u00f6ffentlichen Raum hinzuweisen. <a class=\"more-link\" href=\"https:\/\/www.lebenshilfe-kv-gg.de\/?p=13748\">Weiterlesen &#8230; \u2192<\/a><\/p>\n","protected":false},"author":1,"featured_media":0,"comment_status":"closed","ping_status":"closed","sticky":true,"template":"","format":"aside","meta":{"footnotes":""},"categories":[6],"tags":[],"class_list":["post-13748","post","type-post","status-publish","format-aside","hentry","category-empfehlungen","post_format-post-format-aside"],"_links":{"self":[{"href":"https:\/\/www.lebenshilfe-kv-gg.de\/index.php?rest_route=\/wp\/v2\/posts\/13748","targetHints":{"allow":["GET"]}}],"collection":[{"href":"https:\/\/www.lebenshilfe-kv-gg.de\/index.php?rest_route=\/wp\/v2\/posts"}],"about":[{"href":"https:\/\/www.lebenshilfe-kv-gg.de\/index.php?rest_route=\/wp\/v2\/types\/post"}],"author":[{"embeddable":true,"href":"https:\/\/www.lebenshilfe-kv-gg.de\/index.php?rest_route=\/wp\/v2\/users\/1"}],"replies":[{"embeddable":true,"href":"https:\/\/www.lebenshilfe-kv-gg.de\/index.php?rest_route=%2Fwp%2Fv2%2Fcomments&post=13748"}],"version-history":[{"count":3,"href":"https:\/\/www.lebenshilfe-kv-gg.de\/index.php?rest_route=\/wp\/v2\/posts\/13748\/revisions"}],"predecessor-version":[{"id":13754,"href":"https:\/\/www.lebenshilfe-kv-gg.de\/index.php?rest_route=\/wp\/v2\/posts\/13748\/revisions\/13754"}],"wp:attachment":[{"href":"https:\/\/www.lebenshilfe-kv-gg.de\/index.php?rest_route=%2Fwp%2Fv2%2Fmedia&parent=13748"}],"wp:term":[{"taxonomy":"category","embeddable":true,"href":"https:\/\/www.lebenshilfe-kv-gg.de\/index.php?rest_route=%2Fwp%2Fv2%2Fcategories&post=13748"},{"taxonomy":"post_tag","embeddable":true,"href":"https:\/\/www.lebenshilfe-kv-gg.de\/index.php?rest_route=%2Fwp%2Fv2%2Ftags&post=13748"}],"curies":[{"name":"wp","href":"https:\/\/api.w.org\/{rel}","templated":true}]}}